{"id":750,"date":"2014-05-28T13:43:37","date_gmt":"2014-05-28T11:43:37","guid":{"rendered":"https:\/\/www.maiteksrl.com\/fiera-f-2014-algeri\/"},"modified":"2017-07-19T17:22:51","modified_gmt":"2017-07-19T15:22:51","slug":"fiera-f-2014-algeri","status":"publish","type":"post","link":"https:\/\/www.maiteksrl.com\/fr\/expositions\/fiera-f-2014-algeri\/","title":{"rendered":"Salon F.I.A. 2014 Alger"},"content":{"rendered":"<p><img loading=\"lazy\" decoding=\"async\" class=\"alignnone size-medium wp-image-250\" src=\"https:\/\/www.maiteksrl.com\/wp-content\/uploads\/2017\/06\/fia3-300x186.jpg\" alt=\"\" width=\"300\" height=\"186\" srcset=\"https:\/\/www.maiteksrl.com\/wp-content\/uploads\/2017\/06\/fia3-300x186.jpg 300w, https:\/\/www.maiteksrl.com\/wp-content\/uploads\/2017\/06\/fia3.jpg 425w\" sizes=\"auto, (max-width: 300px) 100vw, 300px\" \/><\/p>\n<p>&nbsp;<\/p>\n<p>MAITEK va prendre part au salon F.I.A. (Algiers International Fair) 2014 qui se d\u00e9roulera \u00e0 Alger &#8211; ALGERIE du 28 Mai au 2 Juin 2014.<\/p>\n<p>Nous serons pr\u00e9sents \u00e0 F.I.A. 2014:<\/p>\n<p><b>STAND \u00a0EDILTECNO<\/b><\/p>\n<p><a href=\"http:\/\/www.fia.safex.dz\">www.fia.safex.dz<\/a><\/p>\n\n\t\t<style type=\"text\/css\">\n\t\t\t#gallery-1 {\n\t\t\t\tmargin: auto;\n\t\t\t}\n\t\t\t#gallery-1 .gallery-item {\n\t\t\t\tfloat: left;\n\t\t\t\tmargin-top: 10px;\n\t\t\t\ttext-align: center;\n\t\t\t\twidth: 33%;\n\t\t\t}\n\t\t\t#gallery-1 img {\n\t\t\t\tborder: 2px solid #cfcfcf;\n\t\t\t}\n\t\t\t#gallery-1 .gallery-caption {\n\t\t\t\tmargin-left: 0;\n\t\t\t}\n\t\t\t\/* see gallery_shortcode() in wp-includes\/media.php *\/\n\t\t<\/style>\n\t\t<div id='gallery-1' class='gallery galleryid-750 gallery-columns-3 gallery-size-medium'><dl class='gallery-item'>\n\t\t\t<dt class='gallery-icon portrait'>\n\t\t\t\t<a href='https:\/\/www.maiteksrl.com\/wp-content\/uploads\/2017\/06\/affiche-fia-20114-739x1024.jpg' title=\"\" data-rl_title=\"\" class=\"rl-gallery-link\" data-rl_caption=\"\" data-rel=\"lightbox-gallery-1\"><img loading=\"lazy\" decoding=\"async\" width=\"217\" height=\"300\" src=\"https:\/\/www.maiteksrl.com\/wp-content\/uploads\/2017\/06\/affiche-fia-20114-739x1024-217x300.jpg\" class=\"attachment-medium size-medium\" alt=\"\" srcset=\"https:\/\/www.maiteksrl.com\/wp-content\/uploads\/2017\/06\/affiche-fia-20114-739x1024-217x300.jpg 217w, https:\/\/www.maiteksrl.com\/wp-content\/uploads\/2017\/06\/affiche-fia-20114-739x1024.jpg 739w\" sizes=\"auto, (max-width: 217px) 100vw, 217px\" \/><\/a>\n\t\t\t<\/dt><\/dl>\n\t\t\t<br style='clear: both' \/>\n\t\t<\/div>\n\n<p>&nbsp;<\/p>\n","protected":false},"excerpt":{"rendered":"<p>&nbsp; MAITEK va prendre part au salon F.I.A. (Algiers International Fair) 2014 qui se d\u00e9roulera \u00e0 Alger &#8211; ALGERIE du 28 Mai au 2 Juin 2014. Nous serons pr\u00e9sents \u00e0 [&hellip;]<\/p>\n","protected":false},"author":2,"featured_media":0,"comment_status":"open","ping_status":"open","sticky":false,"template":"","format":"standard","meta":{"_acf_changed":false,"footnotes":""},"categories":[2],"tags":[],"class_list":["post-750","post","type-post","status-publish","format-standard","hentry","category-expositions"],"acf":[],"yoast_head":"<!-- This site is optimized with the Yoast SEO plugin v27.0 - https:\/\/yoast.com\/product\/yoast-seo-wordpress\/ -->\n<title>Salon F.I.A. 2014 Alger | Maitek srl<\/title>\n<meta name=\"description\" content=\"&nbsp; MAITEK va prendre part au salon F.I.A. (Algiers International Fair) 2014 qui se d\u00e9roulera \u00e0 Alger - ALGERIE du 28 Mai au 2 Juin 2014. Nous serons\" \/>\n<meta name=\"robots\" content=\"index, follow, max-snippet:-1, max-image-preview:large, max-video-preview:-1\" \/>\n<link rel=\"canonical\" href=\"https:\/\/www.maiteksrl.com\/fr\/expositions\/fiera-f-2014-algeri\/\" \/>\n<meta property=\"og:locale\" content=\"fr_FR\" \/>\n<meta property=\"og:type\" content=\"article\" \/>\n<meta property=\"og:title\" content=\"Salon F.I.A. 2014 Alger | Maitek srl\" \/>\n<meta property=\"og:description\" content=\"&nbsp; MAITEK va prendre part au salon F.I.A. (Algiers International Fair) 2014 qui se d\u00e9roulera \u00e0 Alger - ALGERIE du 28 Mai au 2 Juin 2014. Nous serons\" \/>\n<meta property=\"og:url\" content=\"https:\/\/www.maiteksrl.com\/fr\/expositions\/fiera-f-2014-algeri\/\" \/>\n<meta property=\"og:site_name\" content=\"Maitek srl\" \/>\n<meta property=\"article:published_time\" content=\"2014-05-28T11:43:37+00:00\" \/>\n<meta property=\"article:modified_time\" content=\"2017-07-19T15:22:51+00:00\" \/>\n<meta property=\"og:image\" content=\"https:\/\/www.maiteksrl.com\/wp-content\/uploads\/2017\/06\/affiche-fia-20114-739x1024-217x300.jpg\" \/>\n<meta name=\"author\" content=\"manager manager\" \/>\n<meta name=\"twitter:card\" content=\"summary_large_image\" \/>\n<meta name=\"twitter:label1\" content=\"\u00c9crit par\" \/>\n\t<meta name=\"twitter:data1\" content=\"manager manager\" \/>\n<script type=\"application\/ld+json\" class=\"yoast-schema-graph\">{\"@context\":\"https:\/\/schema.org\",\"@graph\":[{\"@type\":\"Article\",\"@id\":\"https:\/\/www.maiteksrl.com\/fr\/expositions\/fiera-f-2014-algeri\/#article\",\"isPartOf\":{\"@id\":\"https:\/\/www.maiteksrl.com\/fr\/expositions\/fiera-f-2014-algeri\/\"},\"author\":{\"name\":\"manager manager\",\"@id\":\"https:\/\/www.maiteksrl.com\/fr\/#\/schema\/person\/5243dac001ba4a94dde13224719bcda5\"},\"headline\":\"Salon F.I.A. 2014 Alger\",\"datePublished\":\"2014-05-28T11:43:37+00:00\",\"dateModified\":\"2017-07-19T15:22:51+00:00\",\"mainEntityOfPage\":{\"@id\":\"https:\/\/www.maiteksrl.com\/fr\/expositions\/fiera-f-2014-algeri\/\"},\"wordCount\":47,\"commentCount\":0,\"image\":{\"@id\":\"https:\/\/www.maiteksrl.com\/fr\/expositions\/fiera-f-2014-algeri\/#primaryimage\"},\"thumbnailUrl\":\"https:\/\/www.maiteksrl.com\/wp-content\/uploads\/2017\/06\/fia3-300x186.jpg\",\"articleSection\":[\"Expositions\"],\"inLanguage\":\"fr-FR\",\"potentialAction\":[{\"@type\":\"CommentAction\",\"name\":\"Comment\",\"target\":[\"https:\/\/www.maiteksrl.com\/fr\/expositions\/fiera-f-2014-algeri\/#respond\"]}]},{\"@type\":\"WebPage\",\"@id\":\"https:\/\/www.maiteksrl.com\/fr\/expositions\/fiera-f-2014-algeri\/\",\"url\":\"https:\/\/www.maiteksrl.com\/fr\/expositions\/fiera-f-2014-algeri\/\",\"name\":\"Salon F.I.A. 2014 Alger | Maitek srl\",\"isPartOf\":{\"@id\":\"https:\/\/www.maiteksrl.com\/fr\/#website\"},\"primaryImageOfPage\":{\"@id\":\"https:\/\/www.maiteksrl.com\/fr\/expositions\/fiera-f-2014-algeri\/#primaryimage\"},\"image\":{\"@id\":\"https:\/\/www.maiteksrl.com\/fr\/expositions\/fiera-f-2014-algeri\/#primaryimage\"},\"thumbnailUrl\":\"https:\/\/www.maiteksrl.com\/wp-content\/uploads\/2017\/06\/fia3-300x186.jpg\",\"datePublished\":\"2014-05-28T11:43:37+00:00\",\"dateModified\":\"2017-07-19T15:22:51+00:00\",\"author\":{\"@id\":\"https:\/\/www.maiteksrl.com\/fr\/#\/schema\/person\/5243dac001ba4a94dde13224719bcda5\"},\"description\":\"&nbsp; MAITEK va prendre part au salon F.I.A. (Algiers International Fair) 2014 qui se d\u00e9roulera \u00e0 Alger - ALGERIE du 28 Mai au 2 Juin 2014. Nous serons\",\"breadcrumb\":{\"@id\":\"https:\/\/www.maiteksrl.com\/fr\/expositions\/fiera-f-2014-algeri\/#breadcrumb\"},\"inLanguage\":\"fr-FR\",\"potentialAction\":[{\"@type\":\"ReadAction\",\"target\":[\"https:\/\/www.maiteksrl.com\/fr\/expositions\/fiera-f-2014-algeri\/\"]}]},{\"@type\":\"ImageObject\",\"inLanguage\":\"fr-FR\",\"@id\":\"https:\/\/www.maiteksrl.com\/fr\/expositions\/fiera-f-2014-algeri\/#primaryimage\",\"url\":\"https:\/\/www.maiteksrl.com\/wp-content\/uploads\/2017\/06\/fia3-300x186.jpg\",\"contentUrl\":\"https:\/\/www.maiteksrl.com\/wp-content\/uploads\/2017\/06\/fia3-300x186.jpg\"},{\"@type\":\"BreadcrumbList\",\"@id\":\"https:\/\/www.maiteksrl.com\/fr\/expositions\/fiera-f-2014-algeri\/#breadcrumb\",\"itemListElement\":[{\"@type\":\"ListItem\",\"position\":1,\"name\":\"Home\",\"item\":\"https:\/\/www.maiteksrl.com\/fr\/\"},{\"@type\":\"ListItem\",\"position\":2,\"name\":\"Salon F.I.A. 2014 Alger\"}]},{\"@type\":\"WebSite\",\"@id\":\"https:\/\/www.maiteksrl.com\/fr\/#website\",\"url\":\"https:\/\/www.maiteksrl.com\/fr\/\",\"name\":\"Maitek srl\",\"description\":\"Impianti per il settore estrattivo: disidratazione fanghi, lavaggio e frantumazione inerti, abbattimento polveri.\",\"potentialAction\":[{\"@type\":\"SearchAction\",\"target\":{\"@type\":\"EntryPoint\",\"urlTemplate\":\"https:\/\/www.maiteksrl.com\/fr\/?s={search_term_string}\"},\"query-input\":{\"@type\":\"PropertyValueSpecification\",\"valueRequired\":true,\"valueName\":\"search_term_string\"}}],\"inLanguage\":\"fr-FR\"},{\"@type\":\"Person\",\"@id\":\"https:\/\/www.maiteksrl.com\/fr\/#\/schema\/person\/5243dac001ba4a94dde13224719bcda5\",\"name\":\"manager manager\",\"image\":{\"@type\":\"ImageObject\",\"inLanguage\":\"fr-FR\",\"@id\":\"https:\/\/www.maiteksrl.com\/fr\/#\/schema\/person\/image\/\",\"url\":\"https:\/\/secure.gravatar.com\/avatar\/c09661c42820fc66ee037f3daf282e4a69def102b5ff0dbf87e68cf85eca7a10?s=96&d=mm&r=g\",\"contentUrl\":\"https:\/\/secure.gravatar.com\/avatar\/c09661c42820fc66ee037f3daf282e4a69def102b5ff0dbf87e68cf85eca7a10?s=96&d=mm&r=g\",\"caption\":\"manager manager\"},\"url\":\"https:\/\/www.maiteksrl.com\/fr\/author\/manager\/\"}]}<\/script>\n<!-- \/ Yoast SEO plugin. -->","yoast_head_json":{"title":"Salon F.I.A. 2014 Alger | Maitek srl","description":"&nbsp; MAITEK va prendre part au salon F.I.A. (Algiers International Fair) 2014 qui se d\u00e9roulera \u00e0 Alger - ALGERIE du 28 Mai au 2 Juin 2014. Nous serons","robots":{"index":"index","follow":"follow","max-snippet":"max-snippet:-1","max-image-preview":"max-image-preview:large","max-video-preview":"max-video-preview:-1"},"canonical":"https:\/\/www.maiteksrl.com\/fr\/expositions\/fiera-f-2014-algeri\/","og_locale":"fr_FR","og_type":"article","og_title":"Salon F.I.A. 2014 Alger | Maitek srl","og_description":"&nbsp; MAITEK va prendre part au salon F.I.A. (Algiers International Fair) 2014 qui se d\u00e9roulera \u00e0 Alger - ALGERIE du 28 Mai au 2 Juin 2014. Nous serons","og_url":"https:\/\/www.maiteksrl.com\/fr\/expositions\/fiera-f-2014-algeri\/","og_site_name":"Maitek srl","article_published_time":"2014-05-28T11:43:37+00:00","article_modified_time":"2017-07-19T15:22:51+00:00","og_image":[{"url":"https:\/\/www.maiteksrl.com\/wp-content\/uploads\/2017\/06\/affiche-fia-20114-739x1024-217x300.jpg","type":"","width":"","height":""}],"author":"manager manager","twitter_card":"summary_large_image","twitter_misc":{"\u00c9crit par":"manager manager"},"schema":{"@context":"https:\/\/schema.org","@graph":[{"@type":"Article","@id":"https:\/\/www.maiteksrl.com\/fr\/expositions\/fiera-f-2014-algeri\/#article","isPartOf":{"@id":"https:\/\/www.maiteksrl.com\/fr\/expositions\/fiera-f-2014-algeri\/"},"author":{"name":"manager manager","@id":"https:\/\/www.maiteksrl.com\/fr\/#\/schema\/person\/5243dac001ba4a94dde13224719bcda5"},"headline":"Salon F.I.A. 2014 Alger","datePublished":"2014-05-28T11:43:37+00:00","dateModified":"2017-07-19T15:22:51+00:00","mainEntityOfPage":{"@id":"https:\/\/www.maiteksrl.com\/fr\/expositions\/fiera-f-2014-algeri\/"},"wordCount":47,"commentCount":0,"image":{"@id":"https:\/\/www.maiteksrl.com\/fr\/expositions\/fiera-f-2014-algeri\/#primaryimage"},"thumbnailUrl":"https:\/\/www.maiteksrl.com\/wp-content\/uploads\/2017\/06\/fia3-300x186.jpg","articleSection":["Expositions"],"inLanguage":"fr-FR","potentialAction":[{"@type":"CommentAction","name":"Comment","target":["https:\/\/www.maiteksrl.com\/fr\/expositions\/fiera-f-2014-algeri\/#respond"]}]},{"@type":"WebPage","@id":"https:\/\/www.maiteksrl.com\/fr\/expositions\/fiera-f-2014-algeri\/","url":"https:\/\/www.maiteksrl.com\/fr\/expositions\/fiera-f-2014-algeri\/","name":"Salon F.I.A. 2014 Alger | Maitek srl","isPartOf":{"@id":"https:\/\/www.maiteksrl.com\/fr\/#website"},"primaryImageOfPage":{"@id":"https:\/\/www.maiteksrl.com\/fr\/expositions\/fiera-f-2014-algeri\/#primaryimage"},"image":{"@id":"https:\/\/www.maiteksrl.com\/fr\/expositions\/fiera-f-2014-algeri\/#primaryimage"},"thumbnailUrl":"https:\/\/www.maiteksrl.com\/wp-content\/uploads\/2017\/06\/fia3-300x186.jpg","datePublished":"2014-05-28T11:43:37+00:00","dateModified":"2017-07-19T15:22:51+00:00","author":{"@id":"https:\/\/www.maiteksrl.com\/fr\/#\/schema\/person\/5243dac001ba4a94dde13224719bcda5"},"description":"&nbsp; MAITEK va prendre part au salon F.I.A. (Algiers International Fair) 2014 qui se d\u00e9roulera \u00e0 Alger - ALGERIE du 28 Mai au 2 Juin 2014. Nous serons","breadcrumb":{"@id":"https:\/\/www.maiteksrl.com\/fr\/expositions\/fiera-f-2014-algeri\/#breadcrumb"},"inLanguage":"fr-FR","potentialAction":[{"@type":"ReadAction","target":["https:\/\/www.maiteksrl.com\/fr\/expositions\/fiera-f-2014-algeri\/"]}]},{"@type":"ImageObject","inLanguage":"fr-FR","@id":"https:\/\/www.maiteksrl.com\/fr\/expositions\/fiera-f-2014-algeri\/#primaryimage","url":"https:\/\/www.maiteksrl.com\/wp-content\/uploads\/2017\/06\/fia3-300x186.jpg","contentUrl":"https:\/\/www.maiteksrl.com\/wp-content\/uploads\/2017\/06\/fia3-300x186.jpg"},{"@type":"BreadcrumbList","@id":"https:\/\/www.maiteksrl.com\/fr\/expositions\/fiera-f-2014-algeri\/#breadcrumb","itemListElement":[{"@type":"ListItem","position":1,"name":"Home","item":"https:\/\/www.maiteksrl.com\/fr\/"},{"@type":"ListItem","position":2,"name":"Salon F.I.A. 2014 Alger"}]},{"@type":"WebSite","@id":"https:\/\/www.maiteksrl.com\/fr\/#website","url":"https:\/\/www.maiteksrl.com\/fr\/","name":"Maitek srl","description":"Impianti per il settore estrattivo: disidratazione fanghi, lavaggio e frantumazione inerti, abbattimento polveri.","potentialAction":[{"@type":"SearchAction","target":{"@type":"EntryPoint","urlTemplate":"https:\/\/www.maiteksrl.com\/fr\/?s={search_term_string}"},"query-input":{"@type":"PropertyValueSpecification","valueRequired":true,"valueName":"search_term_string"}}],"inLanguage":"fr-FR"},{"@type":"Person","@id":"https:\/\/www.maiteksrl.com\/fr\/#\/schema\/person\/5243dac001ba4a94dde13224719bcda5","name":"manager manager","image":{"@type":"ImageObject","inLanguage":"fr-FR","@id":"https:\/\/www.maiteksrl.com\/fr\/#\/schema\/person\/image\/","url":"https:\/\/secure.gravatar.com\/avatar\/c09661c42820fc66ee037f3daf282e4a69def102b5ff0dbf87e68cf85eca7a10?s=96&d=mm&r=g","contentUrl":"https:\/\/secure.gravatar.com\/avatar\/c09661c42820fc66ee037f3daf282e4a69def102b5ff0dbf87e68cf85eca7a10?s=96&d=mm&r=g","caption":"manager manager"},"url":"https:\/\/www.maiteksrl.com\/fr\/author\/manager\/"}]}},"_links":{"self":[{"href":"https:\/\/www.maiteksrl.com\/fr\/wp-json\/wp\/v2\/posts\/750","targetHints":{"allow":["GET"]}}],"collection":[{"href":"https:\/\/www.maiteksrl.com\/fr\/wp-json\/wp\/v2\/posts"}],"about":[{"href":"https:\/\/www.maiteksrl.com\/fr\/wp-json\/wp\/v2\/types\/post"}],"author":[{"embeddable":true,"href":"https:\/\/www.maiteksrl.com\/fr\/wp-json\/wp\/v2\/users\/2"}],"replies":[{"embeddable":true,"href":"https:\/\/www.maiteksrl.com\/fr\/wp-json\/wp\/v2\/comments?post=750"}],"version-history":[{"count":2,"href":"https:\/\/www.maiteksrl.com\/fr\/wp-json\/wp\/v2\/posts\/750\/revisions"}],"predecessor-version":[{"id":3882,"href":"https:\/\/www.maiteksrl.com\/fr\/wp-json\/wp\/v2\/posts\/750\/revisions\/3882"}],"wp:attachment":[{"href":"https:\/\/www.maiteksrl.com\/fr\/wp-json\/wp\/v2\/media?parent=750"}],"wp:term":[{"taxonomy":"category","embeddable":true,"href":"https:\/\/www.maiteksrl.com\/fr\/wp-json\/wp\/v2\/categories?post=750"},{"taxonomy":"post_tag","embeddable":true,"href":"https:\/\/www.maiteksrl.com\/fr\/wp-json\/wp\/v2\/tags?post=750"}],"curies":[{"name":"wp","href":"https:\/\/api.w.org\/{rel}","templated":true}]}}